{"id":3228,"date":"2020-03-18T11:07:19","date_gmt":"2020-03-18T10:07:19","guid":{"rendered":"https:\/\/www.ferraramacchine.com\/?p=3228"},"modified":"2023-07-03T12:56:57","modified_gmt":"2023-07-03T10:56:57","slug":"innamorati-del-carciofo","status":"publish","type":"post","link":"https:\/\/www.ferraramacchine.com\/en\/innamorati-del-carciofo\/","title":{"rendered":"Innamorati del carciofo"},"content":{"rendered":"<div data-elementor-type=\"wp-post\" data-elementor-id=\"3228\" class=\"elementor elementor-3228\" data-elementor-post-type=\"post\">\n\t\t\t\t\t\t<section class=\"elementor-section elementor-top-section elementor-element elementor-element-66cca033 elementor-section-boxed elementor-section-height-default elementor-section-height-default\" data-id=\"66cca033\" data-element_type=\"section\" data-settings=\"{&quot;ekit_has_onepagescroll_dot&quot;:&quot;yes&quot;}\">\n\t\t\t\t\t\t<div class=\"elementor-container elementor-column-gap-default\">\n\t\t\t\t\t<div class=\"elementor-column elementor-col-100 elementor-top-column elementor-element elementor-element-79dfa884\" data-id=\"79dfa884\" data-element_type=\"column\">\n\t\t\t<div class=\"elementor-widget-wrap elementor-element-populated\">\n\t\t\t\t\t\t<div class=\"elementor-element elementor-element-1ddd8390 elementor-widget elementor-widget-text-editor\" data-id=\"1ddd8390\" data-element_type=\"widget\" data-settings=\"{&quot;ekit_we_effect_on&quot;:&quot;none&quot;}\" data-widget_type=\"text-editor.default\">\n\t\t\t\t<div class=\"elementor-widget-container\">\n\t\t\t\t\t\t\t\t\t<p class=\" translation-block\">Il carciofo (<i>cynara scolimus<\/i>) \u00e8 una pianta perenne largamente coltivata nel bacino del Mediterraneo, in particolare al centro-sud Italia. \u00c8 uno degli alimenti pi\u00f9 apprezzati fin dall\u2019antichit\u00e0 e la ricerca ne ha confermato le importanti propriet\u00e0 che riguardano la cura dei disturbi digestivi e ne consigliano l\u2019uso come coadiuvante delle funzioni epatoprotettive ed urinarie, come forte antiossidante, anticolesterolo, antidiabete, antimicrobico e curativo dei disturbi metabolici.<\/p><p class=\" translation-block\">Anche l\u2019azione contro il cancro \u00e8 stata ufficialmente e scientificamente riconosciuta grazie al contenuto di acido folico e le sue potenzialit\u00e0 terapeutiche. Una ricerca pubblicata su&nbsp;<strong>\u201c<\/strong><strong>Nutrition and Cancer<\/strong><strong>\u201d<\/strong>&nbsp;testimonia che i polifenoli del carciofo contrastano l\u2019azione ossidativa dei radicali liberi e, di conseguenza, la trasformazione tumorale.<\/p><p>I benefici dei carciofi riguardano anche le ossa, perch\u00e9 capaci di prevenire efficacemente, grazie alla vitamina K1, la decalcificazione e l\u2019osteoporosi.\u00a0<\/p><p>Insomma, il carciofo \u00e8 una vera panacea per tutti i mali!<\/p>\t\t\t\t\t\t\t\t<\/div>\n\t\t\t\t<\/div>\n\t\t\t\t\t<\/div>\n\t\t<\/div>\n\t\t\t\t\t<\/div>\n\t\t<\/section>\n\t\t\t\t<\/div>","protected":false},"excerpt":{"rendered":"<p>Il carciofo (cynara scolimus) \u00e8 una pianta perenne largamente coltivata nel bacino del Mediterraneo, in particolare al centro-sud Italia. \u00c8 uno degli alimenti pi\u00f9 apprezzati fin dall\u2019antichit\u00e0 e la ricerca ne ha confermato le importanti propriet\u00e0 che riguardano la cura dei disturbi digestivi e ne consigliano l\u2019uso come coadiuvante delle funzioni epatoprotettive ed urinarie, come [&hellip;]<\/p>","protected":false},"author":6,"featured_media":4044,"comment_status":"closed","ping_status":"closed","sticky":false,"template":"","format":"standard","meta":{"footnotes":""},"categories":[31],"tags":[32],"class_list":["post-3228","post","type-post","status-publish","format-standard","has-post-thumbnail","hentry","category-media","tag-carciofi"],"_links":{"self":[{"href":"https:\/\/www.ferraramacchine.com\/en\/wp-json\/wp\/v2\/posts\/3228","targetHints":{"allow":["GET"]}}],"collection":[{"href":"https:\/\/www.ferraramacchine.com\/en\/wp-json\/wp\/v2\/posts"}],"about":[{"href":"https:\/\/www.ferraramacchine.com\/en\/wp-json\/wp\/v2\/types\/post"}],"author":[{"embeddable":true,"href":"https:\/\/www.ferraramacchine.com\/en\/wp-json\/wp\/v2\/users\/6"}],"replies":[{"embeddable":true,"href":"https:\/\/www.ferraramacchine.com\/en\/wp-json\/wp\/v2\/comments?post=3228"}],"version-history":[{"count":4,"href":"https:\/\/www.ferraramacchine.com\/en\/wp-json\/wp\/v2\/posts\/3228\/revisions"}],"predecessor-version":[{"id":4045,"href":"https:\/\/www.ferraramacchine.com\/en\/wp-json\/wp\/v2\/posts\/3228\/revisions\/4045"}],"wp:featuredmedia":[{"embeddable":true,"href":"https:\/\/www.ferraramacchine.com\/en\/wp-json\/wp\/v2\/media\/4044"}],"wp:attachment":[{"href":"https:\/\/www.ferraramacchine.com\/en\/wp-json\/wp\/v2\/media?parent=3228"}],"wp:term":[{"taxonomy":"category","embeddable":true,"href":"https:\/\/www.ferraramacchine.com\/en\/wp-json\/wp\/v2\/categories?post=3228"},{"taxonomy":"post_tag","embeddable":true,"href":"https:\/\/www.ferraramacchine.com\/en\/wp-json\/wp\/v2\/tags?post=3228"}],"curies":[{"name":"wp","href":"https:\/\/api.w.org\/{rel}","templated":true}]}}