{"id":3654,"date":"2020-05-12T09:46:13","date_gmt":"2020-05-12T07:46:13","guid":{"rendered":"https:\/\/www.ferraramacchine.com\/?p=3654"},"modified":"2023-07-03T15:30:02","modified_gmt":"2023-07-03T13:30:02","slug":"ferrara-in-fiera","status":"publish","type":"post","link":"https:\/\/www.ferraramacchine.com\/es\/ferrara-in-fiera\/","title":{"rendered":"Ferrara en la feria"},"content":{"rendered":"<div data-elementor-type=\"wp-post\" data-elementor-id=\"3654\" class=\"elementor elementor-3654\" data-elementor-post-type=\"post\">\n\t\t\t\t\t\t<section class=\"elementor-section elementor-top-section elementor-element elementor-element-10eefff4 elementor-section-boxed elementor-section-height-default elementor-section-height-default\" data-id=\"10eefff4\" data-element_type=\"section\" data-settings=\"{&quot;ekit_has_onepagescroll_dot&quot;:&quot;yes&quot;}\">\n\t\t\t\t\t\t<div class=\"elementor-container elementor-column-gap-default\">\n\t\t\t\t\t<div class=\"elementor-column elementor-col-100 elementor-top-column elementor-element elementor-element-7ccad7fb\" data-id=\"7ccad7fb\" data-element_type=\"column\">\n\t\t\t<div class=\"elementor-widget-wrap elementor-element-populated\">\n\t\t\t\t\t\t<div class=\"elementor-element elementor-element-47800d04 elementor-widget elementor-widget-text-editor\" data-id=\"47800d04\" data-element_type=\"widget\" data-settings=\"{&quot;ekit_we_effect_on&quot;:&quot;none&quot;}\" data-widget_type=\"text-editor.default\">\n\t\t\t\t<div class=\"elementor-widget-container\">\n\t\t\t\t\t\t\t\t\t<p style=\"text-align: justify;\" class=\" translation-block\">La \u00faltima edici\u00f3n del <strong>Cibus Tec<\/strong>, que se tuvo en <strong>Parma<\/strong> en <strong>octubre de 2019<\/strong>, vio la fuerte presencia de Ferrara Macchine en el mercado italiano e internacional, adem\u00e1s de muchas visitas a nuestro puesto por parte de empresas ya clientes y, sobre todo, de compradores de empresas extranjeras y de agentes de comercio presentes en todos los mercados de nuestro inter\u00e9s.<\/p><p style=\"text-align: justify;\" class=\" translation-block\">En esta edici\u00f3n celebramos un objetivo importante: <strong>800 maquinarias vendidas en todo el mundo<\/strong>, logro que nos ha consagrado como l\u00edderes internacionales en el sector de las maquinarias para la transformaci\u00f3n de hortalizas y herramientas para su procesamiento.<\/p><p style=\"text-align: justify;\" class=\" translation-block\">En Cibus Tec 2019 sorprendimos a todos: adem\u00e1s de exponer la <a href=\"https:\/\/www.ferraramacchine.com\/es\/product\/tornitrice-spicchiatrice-carciofi-mod-tsrp-16m\/\" target=\"_self\"><strong>Tornera Destartaladora para las alcachofas modelo TSRP 16M<\/strong><\/a>, ya conocida y apreciada en muchos mercados, presentamos la nueva<a href=\"https:\/\/www.ferraramacchine.com\/es\/product\/detorsolatrice-peperoncini-mod-dpc-24\/\" target=\"_self\"><strong> Barredora para pimientillos cherry modelo DPC 24<\/strong><\/a>, una novedad absoluta a nivel mundial, que llam\u00f3 la atenci\u00f3n de muchos visitantes y compradores de mercados nuevos para nosostros.<\/p><p style=\"text-align: justify;\">Recibimos halagos por parte de muchos construtores y vimos el inter\u00e9s de los medios de comunicaci\u00f3n, SKY TG24 nos entrevist\u00f3 pregunt\u00e1ndonos sobre el evento y la nuevas tecnolog\u00edas en el \u00e1mbito alimentario. Fue muy grande la satisfacci\u00f3n por los reconocimientos que nos brindaron y representan el testigo del proceso de internacionalizaci\u00f3n de Ferrara Maquinarias.<\/p>\t\t\t\t\t\t\t\t<\/div>\n\t\t\t\t<\/div>\n\t\t\t\t<div class=\"elementor-element elementor-element-bcdcd6e elementor-widget elementor-widget-gallery\" data-id=\"bcdcd6e\" data-element_type=\"widget\" data-settings=\"{&quot;columns&quot;:3,&quot;lazyload&quot;:&quot;yes&quot;,&quot;gallery_layout&quot;:&quot;grid&quot;,&quot;columns_tablet&quot;:2,&quot;columns_mobile&quot;:1,&quot;gap&quot;:{&quot;unit&quot;:&quot;px&quot;,&quot;size&quot;:10,&quot;sizes&quot;:[]},&quot;gap_widescreen&quot;:{&quot;unit&quot;:&quot;px&quot;,&quot;size&quot;:&quot;&quot;,&quot;sizes&quot;:[]},&quot;gap_laptop&quot;:{&quot;unit&quot;:&quot;px&quot;,&quot;size&quot;:10,&quot;sizes&quot;:[]},&quot;gap_tablet_extra&quot;:{&quot;unit&quot;:&quot;px&quot;,&quot;size&quot;:10,&quot;sizes&quot;:[]},&quot;gap_tablet&quot;:{&quot;unit&quot;:&quot;px&quot;,&quot;size&quot;:10,&quot;sizes&quot;:[]},&quot;gap_mobile_extra&quot;:{&quot;unit&quot;:&quot;px&quot;,&quot;size&quot;:10,&quot;sizes&quot;:[]},&quot;gap_mobile&quot;:{&quot;unit&quot;:&quot;px&quot;,&quot;size&quot;:10,&quot;sizes&quot;:[]},&quot;link_to&quot;:&quot;file&quot;,&quot;aspect_ratio&quot;:&quot;3:2&quot;,&quot;overlay_background&quot;:&quot;yes&quot;,&quot;content_hover_animation&quot;:&quot;fade-in&quot;,&quot;ekit_we_effect_on&quot;:&quot;none&quot;}\" data-widget_type=\"gallery.default\">\n\t\t\t\t<div class=\"elementor-widget-container\">\n\t\t\t\t\t\t\t<div class=\"elementor-gallery__container\">\n\t\t\t\t\t\t\t<a class=\"e-gallery-item elementor-gallery-item elementor-animated-content\" href=\"https:\/\/www.ferraramacchine.com\/wp-content\/uploads\/2023\/07\/Ferrara-Foto-Art-Fiera-1.jpg\" data-elementor-open-lightbox=\"yes\" data-elementor-lightbox-slideshow=\"bcdcd6e\" data-elementor-lightbox-title=\"Ferrara-Foto-Art-Fiera (1)\" data-e-action-hash=\"#elementor-action%3Aaction%3Dlightbox%26settings%3DeyJpZCI6NDA5MCwidXJsIjoiaHR0cHM6XC9cL3d3dy5mZXJyYXJhbWFjY2hpbmUuY29tXC93cC1jb250ZW50XC91cGxvYWRzXC8yMDIzXC8wN1wvRmVycmFyYS1Gb3RvLUFydC1GaWVyYS0xLmpwZyIsInNsaWRlc2hvdyI6ImJjZGNkNmUifQ%3D%3D\">\n\t\t\t\t\t<div class=\"e-gallery-image elementor-gallery-item__image\" data-thumbnail=\"https:\/\/www.ferraramacchine.com\/wp-content\/uploads\/2023\/07\/Ferrara-Foto-Art-Fiera-1.jpg\" data-width=\"1440\" data-height=\"1080\" aria-label=\"\" role=\"img\" ><\/div>\n\t\t\t\t\t\t\t\t\t\t\t<div class=\"elementor-gallery-item__overlay\"><\/div>\n\t\t\t\t\t\t\t\t\t\t\t\t\t\t<\/a>\n\t\t\t\t\t\t\t<a class=\"e-gallery-item elementor-gallery-item elementor-animated-content\" href=\"https:\/\/www.ferraramacchine.com\/wp-content\/uploads\/2023\/07\/Ferrara-Foto-Art-Fiera-2.jpg\" data-elementor-open-lightbox=\"yes\" data-elementor-lightbox-slideshow=\"bcdcd6e\" data-elementor-lightbox-title=\"Ferrara-Foto-Art-Fiera (2)\" data-e-action-hash=\"#elementor-action%3Aaction%3Dlightbox%26settings%3DeyJpZCI6NDA5MSwidXJsIjoiaHR0cHM6XC9cL3d3dy5mZXJyYXJhbWFjY2hpbmUuY29tXC93cC1jb250ZW50XC91cGxvYWRzXC8yMDIzXC8wN1wvRmVycmFyYS1Gb3RvLUFydC1GaWVyYS0yLmpwZyIsInNsaWRlc2hvdyI6ImJjZGNkNmUifQ%3D%3D\">\n\t\t\t\t\t<div class=\"e-gallery-image elementor-gallery-item__image\" data-thumbnail=\"https:\/\/www.ferraramacchine.com\/wp-content\/uploads\/2023\/07\/Ferrara-Foto-Art-Fiera-2.jpg\" data-width=\"1440\" data-height=\"1080\" aria-label=\"\" role=\"img\" ><\/div>\n\t\t\t\t\t\t\t\t\t\t\t<div class=\"elementor-gallery-item__overlay\"><\/div>\n\t\t\t\t\t\t\t\t\t\t\t\t\t\t<\/a>\n\t\t\t\t\t\t\t<a class=\"e-gallery-item elementor-gallery-item elementor-animated-content\" href=\"https:\/\/www.ferraramacchine.com\/wp-content\/uploads\/2023\/07\/Ferrara-Foto-Art-Fiera-1.jpeg\" data-elementor-open-lightbox=\"yes\" data-elementor-lightbox-slideshow=\"bcdcd6e\" data-elementor-lightbox-title=\"Ferrara-Foto-Art-Fiera (1)\" data-e-action-hash=\"#elementor-action%3Aaction%3Dlightbox%26settings%3DeyJpZCI6NDA4OSwidXJsIjoiaHR0cHM6XC9cL3d3dy5mZXJyYXJhbWFjY2hpbmUuY29tXC93cC1jb250ZW50XC91cGxvYWRzXC8yMDIzXC8wN1wvRmVycmFyYS1Gb3RvLUFydC1GaWVyYS0xLmpwZWciLCJzbGlkZXNob3ciOiJiY2RjZDZlIn0%3D\">\n\t\t\t\t\t<div class=\"e-gallery-image elementor-gallery-item__image\" data-thumbnail=\"https:\/\/www.ferraramacchine.com\/wp-content\/uploads\/2023\/07\/Ferrara-Foto-Art-Fiera-1.jpeg\" data-width=\"2282\" data-height=\"1080\" aria-label=\"\" role=\"img\" ><\/div>\n\t\t\t\t\t\t\t\t\t\t\t<div class=\"elementor-gallery-item__overlay\"><\/div>\n\t\t\t\t\t\t\t\t\t\t\t\t\t\t<\/a>\n\t\t\t\t\t\t\t<a class=\"e-gallery-item elementor-gallery-item elementor-animated-content\" href=\"https:\/\/www.ferraramacchine.com\/wp-content\/uploads\/2023\/07\/Ferrara-Foto-Art-Fiera-4.jpg\" data-elementor-open-lightbox=\"yes\" data-elementor-lightbox-slideshow=\"bcdcd6e\" data-elementor-lightbox-title=\"Ferrara-Foto-Art-Fiera (4)\" data-e-action-hash=\"#elementor-action%3Aaction%3Dlightbox%26settings%3DeyJpZCI6NDA4MywidXJsIjoiaHR0cHM6XC9cL3d3dy5mZXJyYXJhbWFjY2hpbmUuY29tXC93cC1jb250ZW50XC91cGxvYWRzXC8yMDIzXC8wN1wvRmVycmFyYS1Gb3RvLUFydC1GaWVyYS00LmpwZyIsInNsaWRlc2hvdyI6ImJjZGNkNmUifQ%3D%3D\">\n\t\t\t\t\t<div class=\"e-gallery-image elementor-gallery-item__image\" data-thumbnail=\"https:\/\/www.ferraramacchine.com\/wp-content\/uploads\/2023\/07\/Ferrara-Foto-Art-Fiera-4.jpg\" data-width=\"1440\" data-height=\"1080\" aria-label=\"\" role=\"img\" ><\/div>\n\t\t\t\t\t\t\t\t\t\t\t<div class=\"elementor-gallery-item__overlay\"><\/div>\n\t\t\t\t\t\t\t\t\t\t\t\t\t\t<\/a>\n\t\t\t\t\t\t\t<a class=\"e-gallery-item elementor-gallery-item elementor-animated-content\" href=\"https:\/\/www.ferraramacchine.com\/wp-content\/uploads\/2023\/07\/Ferrara-Foto-Art-Fiera-5.jpg\" data-elementor-open-lightbox=\"yes\" data-elementor-lightbox-slideshow=\"bcdcd6e\" data-elementor-lightbox-title=\"Ferrara-Foto-Art-Fiera (5)\" data-e-action-hash=\"#elementor-action%3Aaction%3Dlightbox%26settings%3DeyJpZCI6NDA4NCwidXJsIjoiaHR0cHM6XC9cL3d3dy5mZXJyYXJhbWFjY2hpbmUuY29tXC93cC1jb250ZW50XC91cGxvYWRzXC8yMDIzXC8wN1wvRmVycmFyYS1Gb3RvLUFydC1GaWVyYS01LmpwZyIsInNsaWRlc2hvdyI6ImJjZGNkNmUifQ%3D%3D\">\n\t\t\t\t\t<div class=\"e-gallery-image elementor-gallery-item__image\" data-thumbnail=\"https:\/\/www.ferraramacchine.com\/wp-content\/uploads\/2023\/07\/Ferrara-Foto-Art-Fiera-5.jpg\" data-width=\"1237\" data-height=\"1080\" aria-label=\"\" role=\"img\" ><\/div>\n\t\t\t\t\t\t\t\t\t\t\t<div class=\"elementor-gallery-item__overlay\"><\/div>\n\t\t\t\t\t\t\t\t\t\t\t\t\t\t<\/a>\n\t\t\t\t\t\t\t<a class=\"e-gallery-item elementor-gallery-item elementor-animated-content\" href=\"https:\/\/www.ferraramacchine.com\/wp-content\/uploads\/2023\/07\/Ferrara-Foto-Art-Fiera-6.jpg\" data-elementor-open-lightbox=\"yes\" data-elementor-lightbox-slideshow=\"bcdcd6e\" data-elementor-lightbox-title=\"Ferrara-Foto-Art-Fiera (6)\" data-e-action-hash=\"#elementor-action%3Aaction%3Dlightbox%26settings%3DeyJpZCI6NDA4NSwidXJsIjoiaHR0cHM6XC9cL3d3dy5mZXJyYXJhbWFjY2hpbmUuY29tXC93cC1jb250ZW50XC91cGxvYWRzXC8yMDIzXC8wN1wvRmVycmFyYS1Gb3RvLUFydC1GaWVyYS02LmpwZyIsInNsaWRlc2hvdyI6ImJjZGNkNmUifQ%3D%3D\">\n\t\t\t\t\t<div class=\"e-gallery-image elementor-gallery-item__image\" data-thumbnail=\"https:\/\/www.ferraramacchine.com\/wp-content\/uploads\/2023\/07\/Ferrara-Foto-Art-Fiera-6.jpg\" data-width=\"851\" data-height=\"1080\" aria-label=\"\" role=\"img\" ><\/div>\n\t\t\t\t\t\t\t\t\t\t\t<div class=\"elementor-gallery-item__overlay\"><\/div>\n\t\t\t\t\t\t\t\t\t\t\t\t\t\t<\/a>\n\t\t\t\t\t\t\t<a class=\"e-gallery-item elementor-gallery-item elementor-animated-content\" href=\"https:\/\/www.ferraramacchine.com\/wp-content\/uploads\/2023\/07\/Ferrara-Foto-Art-Fiera-7.jpg\" data-elementor-open-lightbox=\"yes\" data-elementor-lightbox-slideshow=\"bcdcd6e\" data-elementor-lightbox-title=\"Ferrara-Foto-Art-Fiera (7)\" data-e-action-hash=\"#elementor-action%3Aaction%3Dlightbox%26settings%3DeyJpZCI6NDA4NiwidXJsIjoiaHR0cHM6XC9cL3d3dy5mZXJyYXJhbWFjY2hpbmUuY29tXC93cC1jb250ZW50XC91cGxvYWRzXC8yMDIzXC8wN1wvRmVycmFyYS1Gb3RvLUFydC1GaWVyYS03LmpwZyIsInNsaWRlc2hvdyI6ImJjZGNkNmUifQ%3D%3D\">\n\t\t\t\t\t<div class=\"e-gallery-image elementor-gallery-item__image\" data-thumbnail=\"https:\/\/www.ferraramacchine.com\/wp-content\/uploads\/2023\/07\/Ferrara-Foto-Art-Fiera-7.jpg\" data-width=\"1296\" data-height=\"1080\" aria-label=\"\" role=\"img\" ><\/div>\n\t\t\t\t\t\t\t\t\t\t\t<div class=\"elementor-gallery-item__overlay\"><\/div>\n\t\t\t\t\t\t\t\t\t\t\t\t\t\t<\/a>\n\t\t\t\t\t\t\t<a class=\"e-gallery-item elementor-gallery-item elementor-animated-content\" href=\"https:\/\/www.ferraramacchine.com\/wp-content\/uploads\/2023\/07\/Ferrara-Foto-Art-Fiera-8.jpg\" data-elementor-open-lightbox=\"yes\" data-elementor-lightbox-slideshow=\"bcdcd6e\" data-elementor-lightbox-title=\"Ferrara-Foto-Art-Fiera (8)\" data-e-action-hash=\"#elementor-action%3Aaction%3Dlightbox%26settings%3DeyJpZCI6NDA4NywidXJsIjoiaHR0cHM6XC9cL3d3dy5mZXJyYXJhbWFjY2hpbmUuY29tXC93cC1jb250ZW50XC91cGxvYWRzXC8yMDIzXC8wN1wvRmVycmFyYS1Gb3RvLUFydC1GaWVyYS04LmpwZyIsInNsaWRlc2hvdyI6ImJjZGNkNmUifQ%3D%3D\">\n\t\t\t\t\t<div class=\"e-gallery-image elementor-gallery-item__image\" data-thumbnail=\"https:\/\/www.ferraramacchine.com\/wp-content\/uploads\/2023\/07\/Ferrara-Foto-Art-Fiera-8.jpg\" data-width=\"847\" data-height=\"1080\" aria-label=\"\" role=\"img\" ><\/div>\n\t\t\t\t\t\t\t\t\t\t\t<div class=\"elementor-gallery-item__overlay\"><\/div>\n\t\t\t\t\t\t\t\t\t\t\t\t\t\t<\/a>\n\t\t\t\t\t\t\t<a class=\"e-gallery-item elementor-gallery-item elementor-animated-content\" href=\"https:\/\/www.ferraramacchine.com\/wp-content\/uploads\/2023\/07\/Ferrara-Foto-Art-Fiera-9.jpg\" data-elementor-open-lightbox=\"yes\" data-elementor-lightbox-slideshow=\"bcdcd6e\" data-elementor-lightbox-title=\"Ferrara-Foto-Art-Fiera (9)\" data-e-action-hash=\"#elementor-action%3Aaction%3Dlightbox%26settings%3DeyJpZCI6NDA4OCwidXJsIjoiaHR0cHM6XC9cL3d3dy5mZXJyYXJhbWFjY2hpbmUuY29tXC93cC1jb250ZW50XC91cGxvYWRzXC8yMDIzXC8wN1wvRmVycmFyYS1Gb3RvLUFydC1GaWVyYS05LmpwZyIsInNsaWRlc2hvdyI6ImJjZGNkNmUifQ%3D%3D\">\n\t\t\t\t\t<div class=\"e-gallery-image elementor-gallery-item__image\" data-thumbnail=\"https:\/\/www.ferraramacchine.com\/wp-content\/uploads\/2023\/07\/Ferrara-Foto-Art-Fiera-9.jpg\" data-width=\"1440\" data-height=\"1080\" aria-label=\"\" role=\"img\" ><\/div>\n\t\t\t\t\t\t\t\t\t\t\t<div class=\"elementor-gallery-item__overlay\"><\/div>\n\t\t\t\t\t\t\t\t\t\t\t\t\t\t<\/a>\n\t\t\t\t\t<\/div>\n\t\t\t\t\t<\/div>\n\t\t\t\t<\/div>\n\t\t\t\t\t<\/div>\n\t\t<\/div>\n\t\t\t\t\t<\/div>\n\t\t<\/section>\n\t\t\t\t<\/div>","protected":false},"excerpt":{"rendered":"<p>L\u2019ultima edizione del Cibus Tec, svoltasi a Parma ad ottobre 2019, ha visto confermata la forte presenza di Ferrara Macchine sul mercato italiano ed internazionale con la visita presso il nostro stand di aziende gi\u00e0 clienti e soprattutto con le visite di buyer di importanti aziende estere, nonch\u00e9 di agenti presenti su tutti i mercati [&hellip;]<\/p>","protected":false},"author":6,"featured_media":4082,"comment_status":"closed","ping_status":"closed","sticky":false,"template":"","format":"standard","meta":{"footnotes":""},"categories":[31],"tags":[45,38,39,36,35],"class_list":["post-3654","post","type-post","status-publish","format-standard","has-post-thumbnail","hentry","category-media","tag-cibus-tec","tag-detorsolatrice","tag-peperoncini-cherry","tag-spicchiatrice","tag-tornitrice"],"_links":{"self":[{"href":"https:\/\/www.ferraramacchine.com\/es\/wp-json\/wp\/v2\/posts\/3654","targetHints":{"allow":["GET"]}}],"collection":[{"href":"https:\/\/www.ferraramacchine.com\/es\/wp-json\/wp\/v2\/posts"}],"about":[{"href":"https:\/\/www.ferraramacchine.com\/es\/wp-json\/wp\/v2\/types\/post"}],"author":[{"embeddable":true,"href":"https:\/\/www.ferraramacchine.com\/es\/wp-json\/wp\/v2\/users\/6"}],"replies":[{"embeddable":true,"href":"https:\/\/www.ferraramacchine.com\/es\/wp-json\/wp\/v2\/comments?post=3654"}],"version-history":[{"count":4,"href":"https:\/\/www.ferraramacchine.com\/es\/wp-json\/wp\/v2\/posts\/3654\/revisions"}],"predecessor-version":[{"id":4095,"href":"https:\/\/www.ferraramacchine.com\/es\/wp-json\/wp\/v2\/posts\/3654\/revisions\/4095"}],"wp:featuredmedia":[{"embeddable":true,"href":"https:\/\/www.ferraramacchine.com\/es\/wp-json\/wp\/v2\/media\/4082"}],"wp:attachment":[{"href":"https:\/\/www.ferraramacchine.com\/es\/wp-json\/wp\/v2\/media?parent=3654"}],"wp:term":[{"taxonomy":"category","embeddable":true,"href":"https:\/\/www.ferraramacchine.com\/es\/wp-json\/wp\/v2\/categories?post=3654"},{"taxonomy":"post_tag","embeddable":true,"href":"https:\/\/www.ferraramacchine.com\/es\/wp-json\/wp\/v2\/tags?post=3654"}],"curies":[{"name":"wp","href":"https:\/\/api.w.org\/{rel}","templated":true}]}}